{"id":172,"date":"2024-05-04T11:20:14","date_gmt":"2024-05-04T09:20:14","guid":{"rendered":"https:\/\/integramed.es\/blog\/?p=172"},"modified":"2024-06-04T11:22:31","modified_gmt":"2024-06-04T09:22:31","slug":"cuida-tu-piel-en-primavera-y-verano-de-la-forma-correcta","status":"publish","type":"post","link":"https:\/\/integramed.es\/blog\/?p=172","title":{"rendered":"Cuida tu piel en Primavera y Verano de la forma Correcta"},"content":{"rendered":"\n<div id=\"ez-toc-container\" class=\"ez-toc-v2_0_82_2 counter-hierarchy ez-toc-counter ez-toc-grey ez-toc-container-direction\">\n<div class=\"ez-toc-title-container\">\n<p class=\"ez-toc-title\" style=\"cursor:inherit\">\u00cdndice de contenidos<\/p>\n<span class=\"ez-toc-title-toggle\"><a href=\"#\" class=\"ez-toc-pull-right ez-toc-btn ez-toc-btn-xs ez-toc-btn-default ez-toc-toggle\" aria-label=\"Alternar tabla de contenidos\"><span class=\"ez-toc-js-icon-con\"><span class=\"\"><span class=\"eztoc-hide\" style=\"display:none;\">Toggle<\/span><span class=\"ez-toc-icon-toggle-span\"><svg style=\"fill: #999;color:#999\" xmlns=\"http:\/\/www.w3.org\/2000\/svg\" class=\"list-377408\" width=\"20px\" height=\"20px\" viewBox=\"0 0 24 24\" fill=\"none\"><path d=\"M6 6H4v2h2V6zm14 0H8v2h12V6zM4 11h2v2H4v-2zm16 0H8v2h12v-2zM4 16h2v2H4v-2zm16 0H8v2h12v-2z\" fill=\"currentColor\"><\/path><\/svg><svg style=\"fill: #999;color:#999\" class=\"arrow-unsorted-368013\" xmlns=\"http:\/\/www.w3.org\/2000\/svg\" width=\"10px\" height=\"10px\" viewBox=\"0 0 24 24\" version=\"1.2\" baseProfile=\"tiny\"><path d=\"M18.2 9.3l-6.2-6.3-6.2 6.3c-.2.2-.3.4-.3.7s.1.5.3.7c.2.2.4.3.7.3h11c.3 0 .5-.1.7-.3.2-.2.3-.5.3-.7s-.1-.5-.3-.7zM5.8 14.7l6.2 6.3 6.2-6.3c.2-.2.3-.5.3-.7s-.1-.5-.3-.7c-.2-.2-.4-.3-.7-.3h-11c-.3 0-.5.1-.7.3-.2.2-.3.5-.3.7s.1.5.3.7z\"\/><\/svg><\/span><\/span><\/span><\/a><\/span><\/div>\n<nav><ul class='ez-toc-list ez-toc-list-level-1 ' ><li class='ez-toc-page-1 ez-toc-heading-level-2'><a class=\"ez-toc-link ez-toc-heading-1\" href=\"https:\/\/integramed.es\/blog\/?p=172\/#cuidado-de-la-piel-en-primavera\" >Cuidado de la piel en primavera&nbsp;&nbsp;<\/a><\/li><li class='ez-toc-page-1 ez-toc-heading-level-2'><a class=\"ez-toc-link ez-toc-heading-2\" href=\"https:\/\/integramed.es\/blog\/?p=172\/#preparacion-de-la-piel-para-el-verano\" >Preparaci\u00f3n de la piel para el verano&nbsp;<\/a><\/li><li class='ez-toc-page-1 ez-toc-heading-level-2'><a class=\"ez-toc-link ez-toc-heading-3\" href=\"https:\/\/integramed.es\/blog\/?p=172\/#cuidados-de-la-piel-en-verano\" >Cuidados de la piel en verano&nbsp;<\/a><ul class='ez-toc-list-level-3' ><li class='ez-toc-heading-level-3'><a class=\"ez-toc-link ez-toc-heading-4\" href=\"https:\/\/integramed.es\/blog\/?p=172\/#como-cuidar-la-piel-grasa-en-verano\" >C\u00f3mo cuidar la piel grasa en verano&nbsp;<\/a><\/li><\/ul><\/li><li class='ez-toc-page-1 ez-toc-heading-level-2'><a class=\"ez-toc-link ez-toc-heading-5\" href=\"https:\/\/integramed.es\/blog\/?p=172\/#cuida-tu-piel-despues-del-verano\" >Cuida tu piel despu\u00e9s del verano\u00a0<\/a><\/li><\/ul><\/nav><\/div>\n<h2 class=\"wp-block-heading\"><span class=\"ez-toc-section\" id=\"cuidado-de-la-piel-en-primavera\"><\/span>Cuidado de la piel en primavera&nbsp;&nbsp;<span class=\"ez-toc-section-end\"><\/span><\/h2>\n\n\n\n<p>Los d\u00edas se alargan y van subiendo las temperaturas, vamos viendo el paso de la primavera y va llegando el verano. Es el momento de liberarnos de capas de ropa, pero la primavera no solo trae consigo la promesa de actividades al aire libre y deliciosos aperitivos en las terrazas, sino tambi\u00e9n desaf\u00edos para nuestra piel.&nbsp;&nbsp;<\/p>\n\n\n\n<p>Los cambios bruscos de temperatura, los d\u00edas lluviosos y h\u00famedos, e incluso los <strong>al\u00e9rgenos <\/strong>en el aire pueden afectar. Por ello es importante prestar atenci\u00f3n y proporcionarle a tu piel el cuidado adecuado para que pueda mantenerse sana y radiante.&nbsp;<\/p>\n\n\n\n<p>El calor primaveral despierta nuestras gl\u00e1ndulas sudor\u00edparas y seb\u00e1ceas, lo que puede afectar nuestra piel, lo que se traduce en: poros dilatados, m\u00e1s puntos negros y espinillas, caracter\u00edsticas t\u00edpicas del acn\u00e9.&nbsp;<\/p>\n\n\n\n<p>Si sientes los efectos del cambio de estaci\u00f3n en tu piel, ajusta tu rutina de skincare. Aseg\u00farate de aplicar protector solar adecuadamente y elige productos libres de aceite y no comedog\u00e9nicos.&nbsp;<\/p>\n\n\n\n<p>La transici\u00f3n estacional tambi\u00e9n puede hacer que la piel se vuelva <strong>m\u00e1s sensible<\/strong>, mostrando signos como <strong>sequedad, tirantez, enrojecimiento<\/strong> y picaz\u00f3n aumentada, adem\u00e1s de una mayor propensi\u00f3n a las irritaciones.&nbsp;<\/p>\n\n\n\n<p>En la primavera, es frecuente el aumento de los eczemas. Por ello, es esencial mantener la piel bien hidratada y optar por ingredientes calmantes y reparadores en nuestra rutina de cuidado diario.&nbsp;<\/p>\n\n\n\n<h2 class=\"wp-block-heading\"><span class=\"ez-toc-section\" id=\"preparacion-de-la-piel-para-el-verano\"><\/span>Preparaci\u00f3n de la piel para el verano&nbsp;<span class=\"ez-toc-section-end\"><\/span><\/h2>\n\n\n\n<p>Una vez tenemos el punto anterior claro, es fundamental tener en cuenta que la exposici\u00f3n al sol es inevitable durante el verano y, aunque todos amamos esa sensaci\u00f3n c\u00e1lida en la piel, tambi\u00e9n debemos ser conscientes de los efectos da\u00f1inos que puede tener.&nbsp;&nbsp;<\/p>\n\n\n\n<p>Es fundamental protegernos del sol para prevenir quemaduras, <strong>envejecimiento prematuro<\/strong> y, lo m\u00e1s importante, reducir el riesgo de c\u00e1ncer de piel. \u00bfC\u00f3mo podemos hacerlo? \u00a1Te lo contamos a continuaci\u00f3n!&nbsp;<\/p>\n\n\n\n<p>Empieza por elegir un protector solar de amplio espectro con un SPF de al menos 30. Apl\u00edcalo generosamente sobre la piel expuesta cada dos horas, especialmente despu\u00e9s de nadar o sudar. No olvides proteger \u00e1reas sensibles como el rostro, el cuello, las orejas y los labios. Adem\u00e1s, considera usar ropa que te cubra de la <a href=\"https:\/\/integramed.es\/1060-exposicion-solar\">exposici\u00f3n solar<\/a> y buscar sombra durante las horas pico de radiaci\u00f3n.&nbsp;<\/p>\n\n\n\n<p>Pero si quieres <strong>preparar la piel para el verano<\/strong> de manera correcta, ve m\u00e1s all\u00e1 de la protecci\u00f3n solar. Es importante mantener la piel hidratada y bien cuidada para enfrentar el clima c\u00e1lido. Opta por limpiadores suaves que eliminen la suciedad y el exceso de grasa sin resecar la piel, y aseg\u00farate de seguir con una rutina de hidrataci\u00f3n adecuada para mantenerla flexible y radiante.&nbsp;<\/p>\n\n\n\n<p>Adem\u00e1s, no subestimes el poder de la exfoliaci\u00f3n para deshacerte de las c\u00e9lulas muertas de la piel y revelar una tez m\u00e1s suave y luminosa. Pero recuerda, la clave est\u00e1 en la moderaci\u00f3n. Demasiada exfoliaci\u00f3n puede irritar la piel, especialmente durante los meses m\u00e1s soleados.&nbsp;<\/p>\n\n\n\n<p>Por \u00faltimo, no olvides prestar atenci\u00f3n a \u00e1reas espec\u00edficas que pueden necesitar cuidados extras durante el verano, como los pies y los labios. Exfolia suavemente los pies para deshacerte de la piel seca y \u00e1spera y, por otra parte, aplica regularmente un b\u00e1lsamo labial con SPF para protegerlos del sol y evitar la sequedad.&nbsp;<\/p>\n\n\n\n<p>Estos consejos son simples pero efectivos, sobre todo si eres una persona comprometida con la rutina de cuidado de la piel y usas buenos productos&nbsp;<\/p>\n\n\n\n<p>\u00a1As\u00ed que adelante, prep\u00e1rate para disfrutar del sol, la playa y todas las actividades al aire libre que est\u00e1n por llegar!&nbsp;<\/p>\n\n\n\n<h2 class=\"wp-block-heading\"><span class=\"ez-toc-section\" id=\"cuidados-de-la-piel-en-verano\"><\/span>Cuidados de la piel en verano&nbsp;<span class=\"ez-toc-section-end\"><\/span><\/h2>\n\n\n\n<figure class=\"wp-block-image size-large\"><img loading=\"lazy\" decoding=\"async\" width=\"1024\" height=\"683\" src=\"https:\/\/integramed.es\/blog\/wp-content\/uploads\/2024\/06\/Protector-solar-facial-1-1024x683.jpg\" alt=\"\" class=\"wp-image-174\" title=\"\" srcset=\"https:\/\/integramed.es\/blog\/wp-content\/uploads\/2024\/06\/Protector-solar-facial-1-1024x683.jpg 1024w, https:\/\/integramed.es\/blog\/wp-content\/uploads\/2024\/06\/Protector-solar-facial-1-300x200.jpg 300w, https:\/\/integramed.es\/blog\/wp-content\/uploads\/2024\/06\/Protector-solar-facial-1-768x512.jpg 768w, https:\/\/integramed.es\/blog\/wp-content\/uploads\/2024\/06\/Protector-solar-facial-1.jpg 1200w\" sizes=\"auto, (max-width: 1024px) 100vw, 1024px\" \/><\/figure>\n\n\n\n<p><\/p>\n\n\n\n<p>Para cuando llegue el verano, debes de haber ajustado tu rutina de cuidado de la piel para protegerla del sol y mantenerla radiante durante los meses m\u00e1s c\u00e1lidos y soleados del a\u00f1o. Sigue estos pasos para asegurarte de que tu piel est\u00e9 lista:\u00a0<\/p>\n\n\n\n<ol class=\"wp-block-list\">\n<li>Comienza y termina tu d\u00eda con una limpieza suave para eliminar la suciedad, el sudor y los residuos de protector solar. Opta por un limpiador suave que no reseque la piel, especialmente si tiendes a tener la piel sensible.\u00a0<\/li>\n\n\n\n<li>Aplica generosamente un protector solar de amplio espectro con un SPF de al menos 30 todas las ma\u00f1anas, incluso en d\u00edas nublados. Aseg\u00farate de cubrir todas las \u00e1reas expuestas de la piel, sin olvidar el cuello, los brazos y las piernas. Reaplica cada dos horas, especialmente si est\u00e1s nadando o sudando.\u00a0<\/li>\n\n\n\n<li>Opta por una crema hidratante ligera y libre de aceite para mantener la piel hidratada sin obstruir los poros. Busca ingredientes como el \u00e1cido hialur\u00f3nico, que ayuda a <strong>retener la humedad en la piel<\/strong> sin dejarla grasa.\u00a0<\/li>\n\n\n\n<li>Incorpora la exfoliaci\u00f3n suave una o dos veces por semana para eliminar las c\u00e9lulas muertas de la piel. Sin embargo, evita exfoliantes abrasivos que puedan irritar la piel, especialmente durante los meses de sol intenso.\u00a0<\/li>\n\n\n\n<li>Atenci\u00f3n a los labios y los ojos. No te olvides de protegerlos con un b\u00e1lsamo labial con SPF y usa gafas de sol que bloqueen los rayos UV para proteger tus ojos y la piel delicada alrededor de ellos.\u00a0<\/li>\n\n\n\n<li>Despu\u00e9s de un d\u00eda al sol, hidrata y calma la piel con una loci\u00f3n after-sun que contenga ingredientes como aloe vera y <a href=\"https:\/\/integramed.es\/2090-vitaminas-multivitaminicos\">vitaminas<\/a> (vitamina E) para ayudar a aliviar la piel irritada y prevenir la sequedad.\u00a0<\/li>\n<\/ol>\n\n\n\n<p>Con esta <strong>rutina de cuidado de la piel<\/strong>, estar\u00e1s lista para hacer frente al verano, pero\u2026 Recuerda, \u00a1la consistencia es clave!&nbsp;<\/p>\n\n\n\n<h3 class=\"wp-block-heading\"><span class=\"ez-toc-section\" id=\"como-cuidar-la-piel-grasa-en-verano\"><\/span>C\u00f3mo cuidar la piel grasa en verano&nbsp;<span class=\"ez-toc-section-end\"><\/span><\/h3>\n\n\n\n<p>Para cuidar la piel grasa durante el verano y evitar que el calor y la humedad empeoren el problema, aqu\u00ed tienes algunos consejos:&nbsp;<\/p>\n\n\n\n<ol class=\"wp-block-list\">\n<li>Lava tu rostro dos veces al d\u00eda con un limpiador suave formulado espec\u00edficamente para <strong>pieles grasas<\/strong>. Esto ayudar\u00e1 a eliminar el exceso de aceite, la suciedad y las impurezas sin llegar a resecar demasiado la piel.\u00a0<\/li>\n\n\n\n<li>Utiliza productos libres de aceite, como hidratantes y protectores solares que est\u00e9n etiquetados como \u00aboil-free\u00bb. Estos productos ayudar\u00e1n a controlar el brillo y a prevenir la obstrucci\u00f3n de los poros.\u00a0<\/li>\n\n\n\n<li>Elige protectores solares ligeros y<strong> no comedog\u00e9nicos,<\/strong> que no obstruyan los poros ni empeoren el aspecto graso de la piel. Busca f\u00f3rmulas que se absorban r\u00e1pidamente.\u00a0<\/li>\n\n\n\n<li>Exfolia tu piel suavemente una o dos veces por semana.\u00a0<\/li>\n\n\n\n<li>Aunque la piel grasa produce naturalmente m\u00e1s aceite, a\u00fan necesita hidrataci\u00f3n. Busca cremas hidratantes ligeras y no comedog\u00e9nicas que equilibren la hidrataci\u00f3n de la piel sin agregar exceso de grasa.\u00a0<\/li>\n\n\n\n<li>Mant\u00e9n una dieta equilibrada. Los alimentos grasos y procesados pueden contribuir al exceso de producci\u00f3n de sebo en la piel. Trata de mantener una <a href=\"https:\/\/integramed.es\/3073-alimentacion-saludable\">alimentaci\u00f3n saludable<\/a> rica en frutas, verduras y prote\u00ednas magras para ayudar a controlar la producci\u00f3n de aceite.\u00a0<\/li>\n<\/ol>\n\n\n\n<p>Siguiendo estos consejos y manteniendo una rutina de cuidado de la piel consistente, podr\u00e1s controlar la piel grasa durante el verano y lucir un cutis radiante.&nbsp;<\/p>\n\n\n\n<h2 class=\"wp-block-heading\"><span class=\"ez-toc-section\" id=\"cuida-tu-piel-despues-del-verano\"><\/span>Cuida tu piel despu\u00e9s del verano\u00a0<span class=\"ez-toc-section-end\"><\/span><\/h2>\n\n\n\n<figure class=\"wp-block-image size-large\"><img loading=\"lazy\" decoding=\"async\" width=\"1024\" height=\"683\" src=\"https:\/\/integramed.es\/blog\/wp-content\/uploads\/2024\/06\/crema-hidratante-facial-1024x683.jpg\" alt=\"\" class=\"wp-image-175\" title=\"\" srcset=\"https:\/\/integramed.es\/blog\/wp-content\/uploads\/2024\/06\/crema-hidratante-facial-1024x683.jpg 1024w, https:\/\/integramed.es\/blog\/wp-content\/uploads\/2024\/06\/crema-hidratante-facial-300x200.jpg 300w, https:\/\/integramed.es\/blog\/wp-content\/uploads\/2024\/06\/crema-hidratante-facial-768x512.jpg 768w, https:\/\/integramed.es\/blog\/wp-content\/uploads\/2024\/06\/crema-hidratante-facial.jpg 1200w\" sizes=\"auto, (max-width: 1024px) 100vw, 1024px\" \/><\/figure>\n\n\n\n<p><\/p>\n\n\n\n<p>Despu\u00e9s de disfrutar del sol y las actividades al aire libre durante el verano, es importante cuidar tu piel para ayudar a restaurarla y mantenerla saludable. Aqu\u00ed tienes algunos consejos para mimar tu piel despu\u00e9s de los meses m\u00e1s c\u00e1lidos del a\u00f1o:\u00a0<\/p>\n\n\n\n<ol class=\"wp-block-list\">\n<li>El sol, el viento y el agua salada pueden dejar la piel deshidratada despu\u00e9s del verano. Opta por una crema hidratante rica en ingredientes como el <strong>\u00e1cido hialur\u00f3nico y la vitamina E<\/strong> para restaurar la hidrataci\u00f3n perdida y dejar la piel suave y flexible.\u00a0<\/li>\n\n\n\n<li>Considera incorporar tratamientos reparadores en tu rutina, como mascarillas hidratantes o <strong>productos con ingredientes calmantes<\/strong> como el aloe vera y el t\u00e9 verde. Estos ayudar\u00e1n a calmar la piel irritada y a reducir cualquier enrojecimiento o sensibilidad.\u00a0<\/li>\n\n\n\n<li>Aunque el verano haya terminado, la <strong>protecci\u00f3n solar<\/strong> sigue siendo esencial. Usa un protector solar ligero todos los d\u00edas, incluso en d\u00edas nublados, para proteger tu piel de los da\u00f1os causados por los rayos UV y prevenir el temprano <a href=\"https:\/\/integramed.es\/1020-antiaging-envejecimiento-saludable\">envejecimiento de la piel<\/a>.\u00a0<\/li>\n\n\n\n<li>Los labios tambi\u00e9n pueden necesitar cuidados especiales despu\u00e9s del verano. Usa un b\u00e1lsamo labial hidratante para reparar los labios secos y agrietados y protegerlos del viento y el fr\u00edo que llegan con el oto\u00f1o.\u00a0<\/li>\n<\/ol>\n\n\n\n<p>\u00a1T\u00f3mate un tiempo para cuidarte y prepararte para la siguiente temporada! Adem\u00e1s, valora qu\u00e9 <a href=\"https:\/\/integramed.es\/1240-pelo-piel-y-unas\">suplementos para pelo, piel y u\u00f1as<\/a> pueden venirte bien.&nbsp;<\/p>\n","protected":false},"excerpt":{"rendered":"<p>Cuidado de la piel en primavera&nbsp;&nbsp; Los d\u00edas se alargan y van subiendo las temperaturas, vamos viendo el paso de la primavera y va llegando el verano. Es el momento de liberarnos de capas de ropa, pero la primavera no solo trae consigo la promesa de actividades al aire libre y deliciosos aperitivos en las &#8230; <a title=\"Cuida tu piel en Primavera y Verano de la forma Correcta\" class=\"read-more\" href=\"https:\/\/integramed.es\/blog\/?p=172\" aria-label=\"Leer m\u00e1s sobre Cuida tu piel en Primavera y Verano de la forma Correcta\">Leer m\u00e1s<\/a><\/p>\n","protected":false},"author":3,"featured_media":176,"comment_status":"open","ping_status":"closed","sticky":false,"template":"","format":"standard","meta":{"footnotes":""},"categories":[19],"tags":[],"class_list":["post-172","post","type-post","status-publish","format-standard","has-post-thumbnail","hentry","category-cuidado-de-la-piel"],"_links":{"self":[{"href":"https:\/\/integramed.es\/blog\/index.php?rest_route=\/wp\/v2\/posts\/172","targetHints":{"allow":["GET"]}}],"collection":[{"href":"https:\/\/integramed.es\/blog\/index.php?rest_route=\/wp\/v2\/posts"}],"about":[{"href":"https:\/\/integramed.es\/blog\/index.php?rest_route=\/wp\/v2\/types\/post"}],"author":[{"embeddable":true,"href":"https:\/\/integramed.es\/blog\/index.php?rest_route=\/wp\/v2\/users\/3"}],"replies":[{"embeddable":true,"href":"https:\/\/integramed.es\/blog\/index.php?rest_route=%2Fwp%2Fv2%2Fcomments&post=172"}],"version-history":[{"count":2,"href":"https:\/\/integramed.es\/blog\/index.php?rest_route=\/wp\/v2\/posts\/172\/revisions"}],"predecessor-version":[{"id":178,"href":"https:\/\/integramed.es\/blog\/index.php?rest_route=\/wp\/v2\/posts\/172\/revisions\/178"}],"wp:featuredmedia":[{"embeddable":true,"href":"https:\/\/integramed.es\/blog\/index.php?rest_route=\/wp\/v2\/media\/176"}],"wp:attachment":[{"href":"https:\/\/integramed.es\/blog\/index.php?rest_route=%2Fwp%2Fv2%2Fmedia&parent=172"}],"wp:term":[{"taxonomy":"category","embeddable":true,"href":"https:\/\/integramed.es\/blog\/index.php?rest_route=%2Fwp%2Fv2%2Fcategories&post=172"},{"taxonomy":"post_tag","embeddable":true,"href":"https:\/\/integramed.es\/blog\/index.php?rest_route=%2Fwp%2Fv2%2Ftags&post=172"}],"curies":[{"name":"wp","href":"https:\/\/api.w.org\/{rel}","templated":true}]}}